{"id":12981,"date":"2024-06-26T14:43:33","date_gmt":"2024-06-26T12:43:33","guid":{"rendered":"https:\/\/poliklinika.vaslekar.sk\/excessive-sun-exposure-is-bad-for-your-skin-lekarka-vysvetluje-co-ti-hrozi-a-ako-sa-ucinne-chranit\/"},"modified":"2024-07-14T14:18:52","modified_gmt":"2024-07-14T12:18:52","slug":"excessive-sun-exposure-is-bad-for-your-skin-lekarka-vysvetluje-co-ti-hrozi-a-ako-sa-ucinne-chranit","status":"publish","type":"post","link":"https:\/\/poliklinika.vaslekar.sk\/en\/blog\/excessive-sun-exposure-is-bad-for-your-skin-lekarka-vysvetluje-co-ti-hrozi-a-ako-sa-ucinne-chranit\/","title":{"rendered":"Excessive sun exposure is bad for your skin. The doctor explains what you are at risk of and how to effectively protect yourself"},"content":{"rendered":"","protected":false},"excerpt":{"rendered":"<p>&#8220;Sunlight is necessary for our life, but excessive exposure to the sun can harm our skin,&#8221; says Ludmila Lipkova, a dermatovenerologist at the V\u00e1\u0161 Lek\u00e1r Clinic. But what about the coming holiday season and the increasingly beautiful weather?<\/p>\n","protected":false},"author":0,"featured_media":12232,"comment_status":"open","ping_status":"open","sticky":false,"template":"","format":"standard","meta":{"_acf_changed":false,"footnotes":""},"categories":[149],"tags":[],"medium":[190],"class_list":["post-12981","post","type-post","status-publish","format-standard","has-post-thumbnail","hentry","category-aktuality","medium-refresher"],"acf":[],"_links":{"self":[{"href":"https:\/\/poliklinika.vaslekar.sk\/en\/wp-json\/wp\/v2\/posts\/12981","targetHints":{"allow":["GET"]}}],"collection":[{"href":"https:\/\/poliklinika.vaslekar.sk\/en\/wp-json\/wp\/v2\/posts"}],"about":[{"href":"https:\/\/poliklinika.vaslekar.sk\/en\/wp-json\/wp\/v2\/types\/post"}],"replies":[{"embeddable":true,"href":"https:\/\/poliklinika.vaslekar.sk\/en\/wp-json\/wp\/v2\/comments?post=12981"}],"version-history":[{"count":0,"href":"https:\/\/poliklinika.vaslekar.sk\/en\/wp-json\/wp\/v2\/posts\/12981\/revisions"}],"wp:featuredmedia":[{"embeddable":true,"href":"https:\/\/poliklinika.vaslekar.sk\/en\/wp-json\/wp\/v2\/media\/12232"}],"wp:attachment":[{"href":"https:\/\/poliklinika.vaslekar.sk\/en\/wp-json\/wp\/v2\/media?parent=12981"}],"wp:term":[{"taxonomy":"category","embeddable":true,"href":"https:\/\/poliklinika.vaslekar.sk\/en\/wp-json\/wp\/v2\/categories?post=12981"},{"taxonomy":"post_tag","embeddable":true,"href":"https:\/\/poliklinika.vaslekar.sk\/en\/wp-json\/wp\/v2\/tags?post=12981"},{"taxonomy":"medium","embeddable":true,"href":"https:\/\/poliklinika.vaslekar.sk\/en\/wp-json\/wp\/v2\/medium?post=12981"}],"curies":[{"name":"wp","href":"https:\/\/api.w.org\/{rel}","templated":true}]}}